{"id":138,"date":"2026-09-05T01:22:52","date_gmt":"2026-09-05T01:22:52","guid":{"rendered":"https:\/\/lartedecor.com\/blog\/arbre-decoratif-exterieur\/"},"modified":"2026-09-05T01:22:52","modified_gmt":"2026-09-05T01:22:52","slug":"arbre-decoratif-exterieur","status":"publish","type":"post","link":"https:\/\/lartedecor.com\/blog\/arbre-decoratif-exterieur\/","title":{"rendered":"Petit arbre d\u00e9coratif ext\u00e9rieur : sublimez votre jardin avec \u00e9l\u00e9gance"},"content":{"rendered":"<p class=\"wp-block-paragraph\"><strong>En bref<\/strong> \ud83c\udf3f\u2728<\/p>\n\n<ul class=\"wp-block-list\"><li>Un <strong>petit arbre<\/strong> fait le job d\u2019un grand, mais sans envahir votre <strong>espace vert<\/strong> : silhouette ma\u00eetris\u00e9e, pr\u00e9sence r\u00e9guli\u00e8re, effets de <strong>d\u00e9coration jardin<\/strong>.<\/li><li>En <strong>am\u00e9nagement paysager<\/strong>, on le place comme un \u201cpoint focal\u201d : entr\u00e9e, massif, coin terrasse\u2026 et m\u00eame en <strong>bac<\/strong> sur une cour urbaine.<\/li><li>Pour un <strong>arbre d\u00e9coratif<\/strong> durable, choisissez selon la <strong>taille adulte<\/strong>, l\u2019exposition, le sol et l\u2019objectif (ombrage, floraison, persistance).<\/li><li>Six esp\u00e8ces jouent les stars faciles \u00e0 vivre : <strong>\u00e9rable du Japon<\/strong>, <strong>am\u00e9lanchier<\/strong>, <strong>olivier<\/strong>, <strong>cornouiller \u00e0 fleurs<\/strong>, <strong>savonnier<\/strong> et <strong>arbousier<\/strong> \u2705<\/li><li>Le duo gagnant : <strong>croissance lente<\/strong> + entretien simplifi\u00e9 = \u00e9l\u00e9gance sur la dur\u00e9e, saison apr\u00e8s saison \ud83d\udc9a<\/li><\/ul>\n\n<h2 class=\"wp-block-heading\">Petit arbre d\u00e9coratif ext\u00e9rieur : l\u2019\u00e9l\u00e9gance qui structure un jardin ext\u00e9rieur<\/h2>\n\n<p class=\"wp-block-paragraph\">Dans un <strong>jardin ext\u00e9rieur<\/strong> compact, un <strong>petit arbre<\/strong> bien choisi change tout : il donne du rythme, capte l\u2019\u0153il et apporte une ambiance \u201cfinie\u201d sans transformer votre cour en chantier. On voit souvent ce type de choix dans les projets en Lorraine, pr\u00e8s de Nancy, Metz, Thionville ou Pont-\u00e0-Mousson, o\u00f9 l\u2019espace compte autant que le style.<\/p>\n\n<p class=\"wp-block-paragraph\">Le principe est simple : un <strong>arbre d\u00e9coratif<\/strong> apporte une <strong>structure \u00e9l\u00e9gante<\/strong>. Ses branches dessinent un volume, son feuillage habille, et sa floraison (ou ses fruits) cr\u00e9e des moments de surprise. R\u00e9sultat : vous profitez d\u2019un effet paysage digne des magazines, version r\u00e9aliste et g\u00e9rable au quotidien.<\/p>\n\n<p class=\"wp-block-paragraph\">Et si vous voulez un fil conducteur, imaginez \u201cL\u00e9a et Max\u201d (un couple de jardiniers lorraine) : ils ont remplac\u00e9 un arbuste d\u00e9coratif trop banal par un <strong>petit arbre<\/strong> en point focal pr\u00e8s de la terrasse. En trois saisons, leur <strong>am\u00e9nagement paysager<\/strong> a gagn\u00e9 en profondeur\u2026 et en compliments.<\/p>\n\n<p class=\"wp-block-paragraph\">Pour passer \u00e0 la suite, il faut comprendre ce qui rend ces v\u00e9g\u00e9taux si pratiques : leur taille, leur comportement et leur fa\u00e7on d\u2019habiller l\u2019espace.<\/p>\n\n<figure class=\"wp-block-image size-full\"><img loading=\"lazy\" decoding=\"async\" width=\"1198\" height=\"1313\" src=\"https:\/\/lartedecor.com\/blog\/wp-content\/uploads\/2026\/09\/Petit-arbre-decoratif-exterieur-sublimez-votre-jardin-avec-elegance-1.jpg\" alt=\"d\u00e9couvrez comment un petit arbre d\u00e9coratif ext\u00e9rieur peut sublimer votre jardin avec \u00e9l\u00e9gance et apporter une touche de charme naturelle \u00e0 votre espace ext\u00e9rieur.\" class=\"wp-image-136\" srcset=\"https:\/\/lartedecor.com\/blog\/wp-content\/uploads\/2026\/09\/Petit-arbre-decoratif-exterieur-sublimez-votre-jardin-avec-elegance-1.jpg 1198w, https:\/\/lartedecor.com\/blog\/wp-content\/uploads\/2026\/09\/Petit-arbre-decoratif-exterieur-sublimez-votre-jardin-avec-elegance-1-274x300.jpg 274w, https:\/\/lartedecor.com\/blog\/wp-content\/uploads\/2026\/09\/Petit-arbre-decoratif-exterieur-sublimez-votre-jardin-avec-elegance-1-934x1024.jpg 934w, https:\/\/lartedecor.com\/blog\/wp-content\/uploads\/2026\/09\/Petit-arbre-decoratif-exterieur-sublimez-votre-jardin-avec-elegance-1-768x842.jpg 768w\" sizes=\"auto, (max-width: 1198px) 100vw, 1198px\" \/><\/figure>\n\n<h2 class=\"wp-block-heading\">Pourquoi opter pour un petit arbre d\u00e9coratif ext\u00e9rieur ? Les avantages qui comptent vraiment<\/h2>\n\n<p class=\"wp-block-paragraph\">Un petit espace n\u2019est pas un petit r\u00eave. Au contraire : c\u2019est souvent l\u00e0 que l\u2019on voit le plus de magie quand un <strong>petit arbre d\u00e9coratif ext\u00e9rieur<\/strong> est plac\u00e9 au bon endroit. Vous obtenez une \u201cpr\u00e9sence\u201d sans les soucis d\u2019un grand sujet : encombrement limit\u00e9, voisinage respect\u00e9 et int\u00e9gration facile pr\u00e8s des structures.<\/p>\n\n<p class=\"wp-block-paragraph\">Le c\u0153ur du gain, c\u2019est la ma\u00eetrise. La plupart des vari\u00e9t\u00e9s adapt\u00e9es aux petits jardins restent autour de <strong>3 \u00e0 5 m\u00e8tres<\/strong> \u00e0 maturit\u00e9, ce qui facilite la vie : moins de tailles, moins de risque c\u00f4t\u00e9 fa\u00e7ades, et une silhouette qui reste coh\u00e9rente. \ud83c\udf3f<\/p>\n\n<p class=\"wp-block-paragraph\">En Lorraine, les contrastes saisonniers donnent un avantage suppl\u00e9mentaire aux <strong>plante ornementale<\/strong> bien choisies. Vous pouvez jouer sur :<br>\n<strong>\ud83c\udfaf l\u2019ombre<\/strong> (quand l\u2019\u00e9t\u00e9 chauffe),<br>\n<strong>\ud83c\udf38 la floraison<\/strong> (quand vous voulez du spectacle),<br>\n<strong>\ud83c\udf41 les couleurs d\u2019automne<\/strong> (pour garder l\u2019int\u00e9r\u00eat),<br>\n<strong>\u2744\ufe0f la persistance<\/strong> (pour garder du vert m\u00eame en hiver).<\/p>\n\n<p class=\"wp-block-paragraph\">Et si votre emploi du temps est serr\u00e9, la logique est encore plus simple : privil\u00e9gier un <strong>arbre d\u00e9coratif<\/strong> \u00e0 <strong>entretien facile<\/strong> vous \u00e9vite la ronde des interventions.<\/p>\n\n<p class=\"wp-block-paragraph\">La question suivante devient donc : comment choisir le bon mod\u00e8le pour votre situation r\u00e9elle, pas juste pour une photo ?<\/p>\n\n<h2 class=\"wp-block-heading\">Comment s\u00e9lectionner le bon petit arbre pour votre jardin ext\u00e9rieur et votre d\u00e9coration jardin<\/h2>\n\n<p class=\"wp-block-paragraph\">Choisir un <strong>petit arbre<\/strong>, ce n\u2019est pas \u201cprendre le plus beau\u201d. C\u2019est surtout regarder autour de soi : l\u2019exposition, le sol, la disponibilit\u00e9 d\u2019eau, et l\u2019effet recherch\u00e9. Dans un projet d\u2019<strong>am\u00e9nagement paysager<\/strong>, on pense comme un chef d\u2019orchestre : chaque \u00e9l\u00e9ment a son r\u00f4le, et l\u2019arbre doit tenir sa note.<\/p>\n\n<h3 class=\"wp-block-heading\">Les crit\u00e8res qui \u00e9vitent les mauvaises surprises (et les retouches co\u00fbteuses) \ud83e\udded<\/h3>\n\n<p class=\"wp-block-paragraph\">Commencez par la \u201ccarte d\u2019identit\u00e9\u201d du futur emplacement. Orientation, vent, ombres projet\u00e9es par un mur ou un toit, type de sol (drainant, argileux, calcaire)\u2026 Tout compte.<\/p>\n\n<p class=\"wp-block-paragraph\">Ensuite, alignez vos attentes :\n<\/p>\n\n<ul class=\"wp-block-list\"><li>Vous cherchez un <strong>arbre persistant<\/strong> ? Orientez-vous vers des esp\u00e8ces qui conservent leur feuillage en hiver \u2705<\/li><li>Vous voulez de la vie au printemps ? Visez une <strong>floraison spectaculaire<\/strong> \ud83c\udf38<\/li><li>Vous manquez de temps ? Pr\u00e9f\u00e9rez un <strong>arbre facile d\u2019entretien<\/strong> \u23f3<\/li><li>Vous adorez les textures ? Choisissez un <strong>feuillage d\u00e9coratif<\/strong> (fin, argent\u00e9, verniss\u00e9\u2026) \ud83c\udf43<\/li><\/ul>\n\n<p class=\"wp-block-paragraph\">Petit d\u00e9tail qui fait gagner du confort : le paillage autour du tronc. Il aide \u00e0 stabiliser l\u2019humidit\u00e9, limite les herbes concurrentes et rend l\u2019ensemble plus harmonieux. Dans un <strong>espace vert<\/strong>, c\u2019est autant pratique que joli.<\/p>\n\n<p class=\"wp-block-paragraph\">Enfin, si vous habitez autour de Nancy, faire valider le choix par un professionnel permet d\u2019ajuster les param\u00e8tres (sol, protection au vent, proximit\u00e9 de constructions). Le r\u00e9sultat : un <strong>arbuste d\u00e9coratif<\/strong> voisin de l\u2019arbre qui \u201crespire\u201d mieux, et un rendu plus coh\u00e9rent.<\/p>\n\n<h3 class=\"wp-block-heading\">Un mini-sc\u00e9nario lorraine : terrasse, vent, et soleil \u201cqui tourne\u201d \u2600\ufe0f\ud83c\udf2c\ufe0f<\/h3>\n\n<p class=\"wp-block-paragraph\">Imaginons une terrasse expos\u00e9e sud-est, mais balay\u00e9e par des rafales. Votre <strong>petit arbre<\/strong> doit \u00eatre plac\u00e9 dans une zone prot\u00e9g\u00e9e, ou bien choisir une esp\u00e8ce tol\u00e9rante. C\u2019est exactement le genre de contexte qu\u2019on rencontre fr\u00e9quemment autour de Toul ou dans des secteurs urbains de Moselle : l\u2019arbre doit composer avec le microclimat.<\/p>\n\n<p class=\"wp-block-paragraph\">Dans ce cas, une option tr\u00e8s r\u00e9ussie est de jouer sur le feuillage persistant argent\u00e9 et une bonne installation au d\u00e9part (sol drain\u00e9, arrosage de reprise). Une fois install\u00e9, le d\u00e9cor tient.<\/p>\n\n<p class=\"wp-block-paragraph\">Maintenant que les crit\u00e8res sont clairs, passons \u00e0 la partie la plus agr\u00e9able : les six vari\u00e9t\u00e9s qui font briller votre <strong>d\u00e9coration jardin<\/strong> avec style.<\/p>\n\n<h2 class=\"wp-block-heading\">6 petits arbres d\u00e9coratifs ext\u00e9rieurs pour sublimer votre jardin avec \u00e9l\u00e9gance<\/h2>\n\n<p class=\"wp-block-paragraph\">Voici une s\u00e9lection pens\u00e9e pour les espaces restreints. L\u2019id\u00e9e ? Vous donner des options qui offrent une vraie personnalit\u00e9, tout en restant compatibles avec un environnement urbain ou pavillonnaire. Dans l\u2019ordre, on passe des choix les plus \u201cs\u00fbrs\u201d aux plus originaux, pour que vous trouviez votre coup de c\u0153ur.<\/p>\n\n<p class=\"wp-block-paragraph\">Pour L\u00e9a et Max, c\u2019est devenu un jeu : \u201csi on devait choisir un seul arbre pour chaque \u00e9motion (calme, f\u00eate, soleil, surprise\u2026), lequel serait-il ?\u201d Spoiler : leur terrasse n\u2019a pas eu le dernier mot.<\/p>\n\n<h3 class=\"wp-block-heading\">1) L\u2019\u00e9rable du Japon : le classique qui fait voyager \ud83c\udf38\ud83c\udf41<\/h3>\n\n<p class=\"wp-block-paragraph\">L\u2019\u00e9rable du Japon est l\u2019un de ces <strong>petits arbres<\/strong> qui savent se faire discrets tout en restant magnifiques. Son feuillage finement d\u00e9coup\u00e9 dessine une dentelle v\u00e9g\u00e9tale, capable de transformer la terrasse en coin zen.<\/p>\n\n<p class=\"wp-block-paragraph\">En pratique, il demande souvent un \u00e9quilibre : une <strong>mi-ombre<\/strong> agr\u00e9able et un sol frais, l\u00e9g\u00e8rement acide. Son atout majeur, c\u2019est la <strong>croissance lente<\/strong>. Vous gardez la forme plus longtemps, et les interventions deviennent plus rares.<\/p>\n\n<p class=\"wp-block-paragraph\">Exemple concret : sur une terrasse en Lorraine, plac\u00e9 en bac (avec un bon drainage), il cr\u00e9e un contraste superbe avec des dalles claires et un paillage sombre. R\u00e9sultat visuel : chic sans effort, et ambiance imm\u00e9diate.<\/p>\n\n<h3 class=\"wp-block-heading\">2) L\u2019am\u00e9lanchier : floraison g\u00e9n\u00e9reuse + fruits + couleurs automnales \ud83c\udf53\u2728<\/h3>\n\n<p class=\"wp-block-paragraph\">L\u2019<strong>am\u00e9lanchier<\/strong> est un <strong>arbre d\u00e9coratif<\/strong> qui cumule. Au printemps, ses fleurs blanches attirent l\u2019attention, puis arrivent de petits fruits appr\u00e9ci\u00e9s des oiseaux. Ensuite, place aux couleurs automnales : rouge orang\u00e9, parfait pour donner du relief \u00e0 votre massif.<\/p>\n\n<p class=\"wp-block-paragraph\">En plus, il est r\u00e9put\u00e9 rustique et assez facile \u00e0 vivre. Dans beaucoup de jardins de Moselle, il remplace avantageusement certains arbustes d\u00e9coratifs \u201cclassiques\u201d en offrant une histoire sur l\u2019ann\u00e9e.<\/p>\n\n<p class=\"wp-block-paragraph\">\u00c0 retenir : si vous souhaitez une pi\u00e8ce ma\u00eetresse vivante, c\u2019est un choix tr\u00e8s \u201cvaleur s\u00fbre\u201d.<\/p>\n\n<h3 class=\"wp-block-heading\">3) L\u2019olivier : symbole m\u00e9diterran\u00e9en, style contemporain \ud83c\udf3f\ud83c\udfe1<\/h3>\n\n<p class=\"wp-block-paragraph\">L\u2019<strong>olivier<\/strong> apporte une touche lumineuse avec son feuillage argent\u00e9 persistant et son tronc au caract\u00e8re unique. M\u00eame si le climat m\u00e9diterran\u00e9en n\u2019est pas le v\u00f4tre, il peut parfaitement s\u2019int\u00e9grer \u00e0 condition de choisir un emplacement adapt\u00e9 (vent prot\u00e9g\u00e9, sol drain\u00e9).<\/p>\n\n<p class=\"wp-block-paragraph\">Sur une terrasse moderne, il devient vite l\u2019\u00e9l\u00e9ment \u201csignature\u201d. Pensez \u00e0 l\u2019associer \u00e0 des mat\u00e9riaux sobres : pierre claire, graviers, poterie dans des tons neutres. Le d\u00e9cor para\u00eet plus haut de gamme, instantan\u00e9ment.<\/p>\n\n<p class=\"wp-block-paragraph\">Insight : quand il est bien install\u00e9, l\u2019olivier demande moins qu\u2019on ne le croit, et l\u2019effet reste spectaculaire pendant longtemps.<\/p>\n\n<h3 class=\"wp-block-heading\">4) Le cornouiller \u00e0 fleurs : d\u00e9licatesse printani\u00e8re et feuillage flamboyant \ud83d\udd25\ud83c\udf38<\/h3>\n\n<p class=\"wp-block-paragraph\">Le <strong>cornouiller \u00e0 fleurs<\/strong> joue avec les saisons. Au printemps, il offre une floraison (souvent rose ou blanche), puis, quand arrive l\u2019automne, ses teintes virent vers le rouge pourpre.<\/p>\n\n<p class=\"wp-block-paragraph\">Sa croissance reste relativement limit\u00e9e, ce qui aide beaucoup pour un jardin de taille r\u00e9duite. Pour qu\u2019il exprime pleinement son potentiel, visez un sol frais et une exposition pas trop agressive : une zone douce donne de meilleurs r\u00e9sultats.<\/p>\n\n<p class=\"wp-block-paragraph\">Et si vous d\u00e9testez la taille \u201c\u00e0 r\u00e9p\u00e9tition\u201d ? Son comportement permet g\u00e9n\u00e9ralement de conserver une structure nette sans multiplier les interventions.<\/p>\n\n<h3 class=\"wp-block-heading\">5) Le savonnier (koelreuteria) : une l\u00e9g\u00e8ret\u00e9 estivale qu\u2019on remarque \ud83c\udf3c\ud83c\udf43<\/h3>\n\n<p class=\"wp-block-paragraph\">Le <strong>savonnier<\/strong> s\u00e9duit par son feuillage l\u00e9ger et d\u00e9coup\u00e9 : on a l\u2019impression que le jardin respire, surtout pr\u00e8s d\u2019une all\u00e9e ou d\u2019un patio. En \u00e9t\u00e9, il produit de petites fleurs jaunes en grappes, puis vient le moment des fruits d\u00e9coratifs, qui prolongent le spectacle.<\/p>\n\n<p class=\"wp-block-paragraph\">Ce qui pla\u00eet : il s\u2019adapte assez facilement \u00e0 diff\u00e9rentes conditions de sol et demande peu d\u2019interventions. Dans des villes comme Briey ou Creutzwald, on voit souvent ce type d\u2019arbre choisi pour \u201cinnover\u201d dans une composition de parcs r\u00e9sidentiels.<\/p>\n\n<p class=\"wp-block-paragraph\">Autrement dit : si vous voulez une touche originale sans complication, vous tenez quelque chose.<\/p>\n\n<h3 class=\"wp-block-heading\">6) L\u2019arbousier : persistant, compact et souvent m\u00e9connu \ud83c\udf52\u2744\ufe0f<\/h3>\n\n<p class=\"wp-block-paragraph\">L\u2019<strong>arbousier<\/strong> est un <strong>arbre persistant fruitier<\/strong> qui \u00e9tonne. Son feuillage verniss\u00e9 garde la tenue en hiver, tandis qu\u2019en automne il produit des baies rouges contrastant avec des clochettes blanches.<\/p>\n\n<p class=\"wp-block-paragraph\">Son port compact le rend parfait pour un balcon expos\u00e9 sud ou pour signer une entr\u00e9e de villa. Et comme il tol\u00e8re bien les p\u00e9riodes s\u00e8ches une fois install\u00e9, il peut aussi calmer l\u2019anxi\u00e9t\u00e9 du \u201cj\u2019ai oubli\u00e9 d\u2019arroser\u201d.<\/p>\n\n<p class=\"wp-block-paragraph\">Petite astuce d\u2019<strong>\u00e9l\u00e9gance jardin<\/strong> : placez-le pr\u00e8s d\u2019un coin \u201cpratique\u201d (cachette technique) ou d\u2019un muret \u00e0 habiller. Il fait d\u00e9cor\u2026 et mission.<\/p>\n\n<figure class=\"wp-block-image size-full\"><img loading=\"lazy\" decoding=\"async\" width=\"1402\" height=\"1122\" src=\"https:\/\/lartedecor.com\/blog\/wp-content\/uploads\/2026\/09\/Petit-arbre-decoratif-exterieur-sublimez-votre-jardin-avec-elegance-2.jpg\" alt=\"d\u00e9couvrez comment un petit arbre d\u00e9coratif ext\u00e9rieur peut transformer votre jardin en un espace \u00e9l\u00e9gant et accueillant. inspirez-vous de nos conseils pour sublimer votre ext\u00e9rieur avec style.\" class=\"wp-image-137\" srcset=\"https:\/\/lartedecor.com\/blog\/wp-content\/uploads\/2026\/09\/Petit-arbre-decoratif-exterieur-sublimez-votre-jardin-avec-elegance-2.jpg 1402w, https:\/\/lartedecor.com\/blog\/wp-content\/uploads\/2026\/09\/Petit-arbre-decoratif-exterieur-sublimez-votre-jardin-avec-elegance-2-300x240.jpg 300w, https:\/\/lartedecor.com\/blog\/wp-content\/uploads\/2026\/09\/Petit-arbre-decoratif-exterieur-sublimez-votre-jardin-avec-elegance-2-1024x819.jpg 1024w, https:\/\/lartedecor.com\/blog\/wp-content\/uploads\/2026\/09\/Petit-arbre-decoratif-exterieur-sublimez-votre-jardin-avec-elegance-2-768x615.jpg 768w\" sizes=\"auto, (max-width: 1402px) 100vw, 1402px\" \/><\/figure>\n\n<h2 class=\"wp-block-heading\">Tableau comparatif : choisir votre petit arbre d\u00e9coratif ext\u00e9rieur selon vos priorit\u00e9s \ud83c\udf3f<\/h2>\n\n<p class=\"wp-block-paragraph\">Pour d\u00e9cider plus vite (et \u00e9viter le syndrome \u201cje regarde encore une semaine\u201d), voici un tableau pratique. Chaque esp\u00e8ce a sa sp\u00e9cialit\u00e9 : feuillage, floraison, persistance, ou originalit\u00e9. \u00c0 vous de choisir l\u2019objectif principal.<\/p>\n\n<figure class=\"wp-block-table\"><table>\n<thead>\n<tr>\n<th>Petit arbre d\u00e9coratif ext\u00e9rieur<\/th>\n<th>Atout principal \u2728<\/th>\n<th>Id\u00e9al pour\u2026 \ud83c\udfe1<\/th>\n<th>Conseil d\u2019emplacement \ud83c\udf2c\ufe0f\u2600\ufe0f<\/th>\n<\/tr>\n<\/thead>\n<tbody>\n<tr>\n<td>\u00c9rable du Japon<\/td>\n<td>Feuillage fin + couleurs de saison \ud83c\udf41<\/td>\n<td>Terrasse en bac, ambiance zen<\/td>\n<td>Mi-ombre, sol frais l\u00e9g\u00e8rement acide<\/td>\n<\/tr>\n<tr>\n<td>Am\u00e9lanchier<\/td>\n<td>Fleurs blanches + fruits + automne \ud83c\udf38\ud83c\udf53<\/td>\n<td>Massifs vivants, pr\u00e9sence toute l\u2019ann\u00e9e<\/td>\n<td>Supporte bien de nombreux sols, emplacement lumineux<\/td>\n<\/tr>\n<tr>\n<td>Olivier<\/td>\n<td>Persistance argent\u00e9e + style m\u00e9diterran\u00e9en \ud83c\udf3f<\/td>\n<td>Terrasse moderne, effet \u201csignature\u201d<\/td>\n<td>Emplacement prot\u00e9g\u00e9 du vent, sol drain\u00e9<\/td>\n<\/tr>\n<tr>\n<td>Cornouiller \u00e0 fleurs<\/td>\n<td>Floraison + flamboyance automnale \ud83d\udd25<\/td>\n<td>Jardin compact, structure color\u00e9e<\/td>\n<td>Sol frais, exposition douce<\/td>\n<\/tr>\n<tr>\n<td>Savonnier (koelreuteria)<\/td>\n<td>L\u00e9g\u00e8ret\u00e9 estivale + grappes jaunes \ud83c\udf3c<\/td>\n<td>Patio\/zone de passage, touche originale<\/td>\n<td>Conditions vari\u00e9es, privil\u00e9gier un bon ensoleillement<\/td>\n<\/tr>\n<tr>\n<td>Arbousier<\/td>\n<td>Persistant + baies rouges \ud83c\udf52\u2744\ufe0f<\/td>\n<td>Balcon, entr\u00e9e \u00e0 habiller, cache coins discrets<\/td>\n<td>Ensoleill\u00e9 \u00e0 mi-ombrag\u00e9, bonne reprise<\/td>\n<\/tr>\n<\/tbody>\n<\/table><\/figure>\n\n<h2 class=\"wp-block-heading\">Composer l\u2019ensemble : placer un arbre d\u00e9coratif comme un pro du paysagisme<\/h2>\n\n<p class=\"wp-block-paragraph\">Un <strong>arbre d\u00e9coratif<\/strong> ne se r\u00e9sume pas \u00e0 son esp\u00e8ce. Il faut aussi orchestrer le reste : massifs autour, bordures, paillage, plantes ornementales basses, et circulation du regard. C\u2019est l\u00e0 que l\u2019<strong>am\u00e9nagement paysager<\/strong> devient une mise en sc\u00e8ne.<\/p>\n\n<h3 class=\"wp-block-heading\">Trois r\u00e8gles simples pour une d\u00e9coration jardin qui tient debout \u2705<\/h3>\n\n<p class=\"wp-block-paragraph\">Voici une liste qui sert vraiment sur le terrain. L\u00e9a l\u2019utilise comme check-list avant chaque achat :<\/p>\n\n<ul class=\"wp-block-list\"><li>\ud83d\udccf <strong>Respecter les distances<\/strong> : pensez \u00e0 la taille adulte (3 \u00e0 5 m pour beaucoup de vari\u00e9t\u00e9s) et gardez de la place pour la lumi\u00e8re.<\/li><li>\ud83c\udfa8 <strong>Cr\u00e9er un contraste<\/strong> : feuillage fin vs feuillage persistant, tons argent\u00e9s vs verts profonds, textures diff\u00e9rentes pour \u00e9viter l\u2019effet \u201cplat\u201d.<\/li><li>\ud83c\udf31 <strong>Habiller le pied<\/strong> : un paillage \u00e9l\u00e9gant + quelques plantes basses (ou <strong>arbuste d\u00e9coratif<\/strong>) donnent la sensation d\u2019un ensemble termin\u00e9.<\/li><\/ul>\n\n<p class=\"wp-block-paragraph\">Le r\u00e9sultat est imm\u00e9diat : votre <strong>espace vert<\/strong> para\u00eet plus \u201corganis\u00e9\u201d, m\u00eame quand vous n\u2019avez pas d\u2019immenses surfaces.<\/p>\n\n<h3 class=\"wp-block-heading\">Exemple rapide : la terrasse de L\u00e9a et Max, version avant\/apr\u00e8s \ud83e\udeb4<\/h3>\n\n<p class=\"wp-block-paragraph\">Avant : un coin terrasse \u201cpropre mais vide\u201d. Apr\u00e8s : un <strong>petit arbre<\/strong> en bac (\u00e9rable du Japon) face \u00e0 une zone d\u2019assise. Le bac a \u00e9t\u00e9 install\u00e9 sur une zone drain\u00e9e, puis entour\u00e9 de plantes de texture diff\u00e9rente.<\/p>\n\n<p class=\"wp-block-paragraph\">Ce qui a fait la diff\u00e9rence : l\u2019arbre est devenu la r\u00e9f\u00e9rence visuelle. Les fleurs et feuillages des autres plantes ne rivalisent plus, ils accompagnent. C\u2019est \u00e7a, l\u2019<strong>\u00e9l\u00e9gance jardin<\/strong>.<\/p>\n\n<p class=\"wp-block-paragraph\">Et maintenant, pour aller encore plus loin, il reste un point crucial : comment entretenir sans s\u2019arracher les cheveux.<\/p>\n\n<h2 class=\"wp-block-heading\">Entretien facile : garder votre petit arbre d\u00e9coratif en pleine forme<\/h2>\n\n<p class=\"wp-block-paragraph\">Un <strong>petit arbre<\/strong> demande rarement des soins compliqu\u00e9s, surtout quand on part d\u2019une vari\u00e9t\u00e9 adapt\u00e9e \u00e0 votre climat et \u00e0 votre sol. L\u2019id\u00e9e, c\u2019est de faire les bons gestes au bon moment : ni trop, ni trop peu.<\/p>\n\n<h3 class=\"wp-block-heading\">Le rythme d\u2019entretien qui marche dans la dur\u00e9e \ud83d\uddd3\ufe0f<\/h3>\n\n<p class=\"wp-block-paragraph\">La logique la plus efficace est la suivante :\n<\/p>\n\n<ul class=\"wp-block-list\"><li>\ud83d\udca7 <strong>Arrosage de reprise<\/strong> au d\u00e9marrage : les premi\u00e8res semaines comptent plus que les mois suivants.<\/li><li>\ud83c\udf42 <strong>Paillage<\/strong> : \u00e7a stabilise l\u2019humidit\u00e9 et am\u00e9liore le rendu esth\u00e9tique du pied.<\/li><li>\u2702\ufe0f <strong>Taille l\u00e9g\u00e8re<\/strong> : on supprime surtout le superflu et on respecte la forme naturelle.<\/li><li>\ud83c\udf3f <strong>Observation<\/strong> : feuilles qui jaunissent, manque de vigueur, floraison r\u00e9duite\u2026 ce sont des signaux \u00e0 d\u00e9coder.<\/li><\/ul>\n\n<p class=\"wp-block-paragraph\">Dans une logique d\u2019<strong>espace vert<\/strong> bien g\u00e9r\u00e9, une petite surveillance vaut mieux qu\u2019un grand \u201crattrapage\u201d tardif. Et c\u2019est pr\u00e9cis\u00e9ment ce qui fait la diff\u00e9rence entre un arbre qui \u201cpasse\u201d et un arbre qui \u201crayonne\u201d.<\/p>\n\n<h3 class=\"wp-block-heading\">Associer avec d\u2019autres plante ornementale sans surcharger<\/h3>\n\n<p class=\"wp-block-paragraph\">Pour renforcer l\u2019effet d\u2019ensemble, combinez le <strong>petit arbre<\/strong> avec des plantes basses et quelques <strong>arbuste d\u00e9coratif<\/strong> qui suivent la m\u00eame palette. Par exemple, un arbuste \u00e0 feuillage color\u00e9 autour d\u2019un <strong>arbre d\u00e9coratif<\/strong> \u00e0 feuillage fin donne une profondeur superbe.<\/p>\n\n<p class=\"wp-block-paragraph\">Le secret est de garder une respiration visuelle. Trop de plantes, c\u2019est comme trop d\u2019accessoires : on perd la mise en sc\u00e8ne.<\/p>\n\n<p class=\"wp-block-paragraph\">Pour finir sur quelque chose d\u2019utile, passons aux questions que tout le monde se pose avant de planter.<\/p>\n\n<script type=\"application\/ld+json\">\n{\"@context\":\"https:\/\/schema.org\",\"@type\":\"FAQPage\",\"mainEntity\":[{\"@type\":\"Question\",\"name\":\"Quel petit arbre du00e9coratif extu00e9rieur choisir pour un jardin vraiment compact ? ud83cudfe1\",\"acceptedAnswer\":{\"@type\":\"Answer\",\"text\":\"Visez des espu00e8ces u00e0 croissance mau00eetrisu00e9e (souvent autour de 3 u00e0 5 m), au port u00e9lu00e9gant et faciles u00e0 intu00e9grer. Lu2019u00e9rable du Japon et le cornouiller u00e0 fleurs sont souvent tru00e8s adaptu00e9s pour structurer sans envahir.\"}},{\"@type\":\"Question\",\"name\":\"Peut-on planter un olivier en Lorraine sans souci ? ud83cudf3f\",\"acceptedAnswer\":{\"@type\":\"Answer\",\"text\":\"Oui, si lu2019emplacement est bien protu00e9gu00e9 du vent et si le sol est drainu00e9. Un du00e9marrage soignu00e9 (drainage + arrosage de reprise) aide beaucoup u00e0 la ru00e9ussite, surtout en culture en bac.\"}},{\"@type\":\"Question\",\"name\":\"Quel arbre persistant choisir pour garder un jardin du00e9coratif en hiver ? u2744ufe0f\",\"acceptedAnswer\":{\"@type\":\"Answer\",\"text\":\"Lu2019arbousier et lu2019olivier sont de bons choix pour conserver une pru00e9sence verte. Lu2019arbousier ajoute en plus des baies rouges selon les pu00e9riodes.\"}},{\"@type\":\"Question\",\"name\":\"u00c0 quelle fru00e9quence tailler un petit arbre ornemental ? u2702ufe0f\",\"acceptedAnswer\":{\"@type\":\"Answer\",\"text\":\"Gu00e9nu00e9ralement, une taille lu00e9gu00e8re suffit : on intervient surtout quand cu2019est nu00e9cessaire (bois mort, u00e9quilibre de forme). Avec une su00e9lection de croissance lente, les tailles restent espacu00e9es.\"}}]}\n<\/script>\n<h3>Quel petit arbre d\u00e9coratif ext\u00e9rieur choisir pour un jardin vraiment compact ? \ud83c\udfe1<\/h3>\n<p>Visez des esp\u00e8ces \u00e0 croissance ma\u00eetris\u00e9e (souvent autour de 3 \u00e0 5 m), au port \u00e9l\u00e9gant et faciles \u00e0 int\u00e9grer. L\u2019\u00e9rable du Japon et le cornouiller \u00e0 fleurs sont souvent tr\u00e8s adapt\u00e9s pour structurer sans envahir.<\/p>\n<h3>Peut-on planter un olivier en Lorraine sans souci ? \ud83c\udf3f<\/h3>\n<p>Oui, si l\u2019emplacement est bien prot\u00e9g\u00e9 du vent et si le sol est drain\u00e9. Un d\u00e9marrage soign\u00e9 (drainage + arrosage de reprise) aide beaucoup \u00e0 la r\u00e9ussite, surtout en culture en bac.<\/p>\n<h3>Quel arbre persistant choisir pour garder un jardin d\u00e9coratif en hiver ? \u2744\ufe0f<\/h3>\n<p>L\u2019arbousier et l\u2019olivier sont de bons choix pour conserver une pr\u00e9sence verte. L\u2019arbousier ajoute en plus des baies rouges selon les p\u00e9riodes.<\/p>\n<h3>\u00c0 quelle fr\u00e9quence tailler un petit arbre ornemental ? \u2702\ufe0f<\/h3>\n<p>G\u00e9n\u00e9ralement, une taille l\u00e9g\u00e8re suffit : on intervient surtout quand c\u2019est n\u00e9cessaire (bois mort, \u00e9quilibre de forme). Avec une s\u00e9lection de croissance lente, les tailles restent espac\u00e9es.<\/p>\n\n<p class=\"wp-block-paragraph\"><strong>Astuce finale<\/strong> \ud83d\ude09 : si vous h\u00e9sitez, choisissez d\u2019abord l\u2019objectif principal (couleur, persistance, floraison), puis v\u00e9rifiez l\u2019emplacement r\u00e9el. Un <strong>petit arbre<\/strong> bien install\u00e9 devient vite la star discr\u00e8te de votre <strong>d\u00e9coration jardin<\/strong> et donne de l\u2019allure \u00e0 tout votre <strong>jardin ext\u00e9rieur<\/strong>.<\/p>\n\n","protected":false},"excerpt":{"rendered":"<p>En bref \ud83c\udf3f\u2728 Petit arbre d\u00e9coratif ext\u00e9rieur : l\u2019\u00e9l\u00e9gance qui structure un jardin ext\u00e9rieur Dans un jardin ext\u00e9rieur compact, un [&hellip;]<\/p>\n","protected":false},"author":1,"featured_media":135,"comment_status":"open","ping_status":"open","sticky":false,"template":"","format":"standard","meta":{"site-sidebar-layout":"default","site-content-layout":"","ast-site-content-layout":"default","site-content-style":"default","site-sidebar-style":"default","ast-global-header-display":"","ast-banner-title-visibility":"","ast-main-header-display":"","ast-hfb-above-header-display":"","ast-hfb-below-header-display":"","ast-hfb-mobile-header-display":"","site-post-title":"","ast-breadcrumbs-content":"","ast-featured-img":"","footer-sml-layout":"","ast-disable-related-posts":"","theme-transparent-header-meta":"","adv-header-id-meta":"","stick-header-meta":"","header-above-stick-meta":"","header-main-stick-meta":"","header-below-stick-meta":"","astra-migrate-meta-layouts":"default","ast-page-background-enabled":"default","ast-page-background-meta":{"desktop":{"background-color":"var(--ast-global-color-5)","background-image":"","background-repeat":"repeat","background-position":"center center","background-size":"auto","background-attachment":"scroll","background-type":"","background-media":"","overlay-type":"","overlay-color":"","overlay-opacity":"","overlay-gradient":""},"tablet":{"background-color":"","background-image":"","background-repeat":"repeat","background-position":"center center","background-size":"auto","background-attachment":"scroll","background-type":"","background-media":"","overlay-type":"","overlay-color":"","overlay-opacity":"","overlay-gradient":""},"mobile":{"background-color":"","background-image":"","background-repeat":"repeat","background-position":"center center","background-size":"auto","background-attachment":"scroll","background-type":"","background-media":"","overlay-type":"","overlay-color":"","overlay-opacity":"","overlay-gradient":""}},"ast-content-background-meta":{"desktop":{"background-color":"var(--ast-global-color-4)","background-image":"","background-repeat":"repeat","background-position":"center center","background-size":"auto","background-attachment":"scroll","background-type":"","background-media":"","overlay-type":"","overlay-color":"","overlay-opacity":"","overlay-gradient":""},"tablet":{"background-color":"var(--ast-global-color-4)","background-image":"","background-repeat":"repeat","background-position":"center center","background-size":"auto","background-attachment":"scroll","background-type":"","background-media":"","overlay-type":"","overlay-color":"","overlay-opacity":"","overlay-gradient":""},"mobile":{"background-color":"var(--ast-global-color-4)","background-image":"","background-repeat":"repeat","background-position":"center center","background-size":"auto","background-attachment":"scroll","background-type":"","background-media":"","overlay-type":"","overlay-color":"","overlay-opacity":"","overlay-gradient":""}},"footnotes":""},"categories":[1],"tags":[],"class_list":["post-138","post","type-post","status-publish","format-standard","has-post-thumbnail","hentry","category-blog"],"_links":{"self":[{"href":"https:\/\/lartedecor.com\/blog\/wp-json\/wp\/v2\/posts\/138","targetHints":{"allow":["GET"]}}],"collection":[{"href":"https:\/\/lartedecor.com\/blog\/wp-json\/wp\/v2\/posts"}],"about":[{"href":"https:\/\/lartedecor.com\/blog\/wp-json\/wp\/v2\/types\/post"}],"author":[{"embeddable":true,"href":"https:\/\/lartedecor.com\/blog\/wp-json\/wp\/v2\/users\/1"}],"replies":[{"embeddable":true,"href":"https:\/\/lartedecor.com\/blog\/wp-json\/wp\/v2\/comments?post=138"}],"version-history":[{"count":0,"href":"https:\/\/lartedecor.com\/blog\/wp-json\/wp\/v2\/posts\/138\/revisions"}],"wp:featuredmedia":[{"embeddable":true,"href":"https:\/\/lartedecor.com\/blog\/wp-json\/wp\/v2\/media\/135"}],"wp:attachment":[{"href":"https:\/\/lartedecor.com\/blog\/wp-json\/wp\/v2\/media?parent=138"}],"wp:term":[{"taxonomy":"category","embeddable":true,"href":"https:\/\/lartedecor.com\/blog\/wp-json\/wp\/v2\/categories?post=138"},{"taxonomy":"post_tag","embeddable":true,"href":"https:\/\/lartedecor.com\/blog\/wp-json\/wp\/v2\/tags?post=138"}],"curies":[{"name":"wp","href":"https:\/\/api.w.org\/{rel}","templated":true}]}}